{"id":121,"date":"2022-04-23T16:02:57","date_gmt":"2022-04-23T16:02:57","guid":{"rendered":"https:\/\/boulyetcailloux.com\/blog\/?p=121"},"modified":"2025-02-20T16:15:23","modified_gmt":"2025-02-20T15:15:23","slug":"la-collection-anti-allergie","status":"publish","type":"post","link":"https:\/\/boulyetcailloux.com\/blog\/la-collection-anti-allergie\/","title":{"rendered":"La collection Anti-Allergie"},"content":{"rendered":"<p class=\"last-updated entry-meta\">Derni\u00e8re mise \u00e0 jour le 20 f\u00e9vrier 2025 \u00e0 16:15<\/p>\n<p>Ma ni\u00e8ce pr\u00e9f\u00e9r\u00e9e, je n&rsquo;ai qu&rsquo;une ni\u00e8ce donc je ne risque pas d&rsquo;incident majeur de diplomatie familiale, ma ni\u00e8ce pr\u00e9f\u00e9r\u00e9e donc disais-je, est allergique \u00e0 beaucoup de m\u00e9taux ou alors \u00e0 un seul mais qui est dans la composition de quasiment tout ce qui est bijoux. Elle ne supporte pas l&rsquo;argent, l&rsquo;acier inoxydable, le titane de base et certains ors non plus. Bref, elle est triste car elle est interdite de bijoux simples et \u00e0 son go\u00fbt.&nbsp;<\/p>\n\n\n\n<p>Cela fait un moment que je cogite pour lui offrir un collier. Elle a d\u00e9j\u00e0 pos\u00e9 son d\u00e9volu sur des agates jaunes fissur\u00e9es et voudrait un collier un peu court.<\/p>\n\n\n\n<p>Donc me voil\u00e0 avec un cahier des charges : fabriquer un collier court avec des pierres rondes, sans fermoir.<\/p>\n\n\n\n<p>Chez moi, perles rondes riment avec collier et fil avec noeuds interm\u00e9diaires. Ce sera ma base de d\u00e9part&#8230;<\/p>\n\n\n\n<p>Il n&rsquo;y a \u00e9videmment aucun originalit\u00e9 concernant ce choix.<\/p>\n\n\n\n<p>Mais comment le fermer ?.<\/p>\n\n\n\n<p>Ce serait pour un collier long, pas besoin de fermeture, ni donc d&rsquo;ouverture puisqu&rsquo;on l&rsquo;enfile par la t\u00eate. Le choix est simple, ou il y a un syst\u00e8me d&rsquo;ouverture, ou il doit \u00eatre r\u00e9glable. Pour un syst\u00e8me d&rsquo;ouverture sans m\u00e9tal, je pense \u00e0 du bois style avoir un bouton d&rsquo;un c\u00f4t\u00e9 et une boutonni\u00e8re crochet\/macram\u00e9 de l&rsquo;autre. Cette solution ne me s\u00e9duit pas, je ne sais pas pourquoi d&rsquo;ailleurs, mais elle ne me pla\u00eet pas.<\/p>\n\n\n\n<p>Et dans l&rsquo;optique du quand je n&rsquo;aime pas je ne fais pas, je laisse un peu tomber en me disant que l&rsquo;inspiration viendra certainement \u00e0 un moment donn\u00e9.&nbsp;<\/p>\n\n\n\n<p>Le temps passe et passe et repasse. On est dans le sud quand-m\u00eame. La sieste est une institution et \u00e7a n&rsquo;aide pas \u00e0 la rapidit\u00e9 !<\/p>\n\n\n\n<p>Et hier soir, tout \u00e0 coup, j&rsquo;ai sorti perles, fil et ciseaux. Faire un collier avec des n\u0153uds interm\u00e9diaires, r\u00e9glable, faciiile. J&rsquo;ai pr\u00e9vu un long fil afin de ne pas \u00eatre prise de court lorsque je m&rsquo;attaquerai au syst\u00e8me de fermeture, puisque je n&rsquo;avais encore rien d\u00e9cid\u00e9. Et c&rsquo;est parti, fait et mis de c\u00f4t\u00e9 d\u00e8s que la dimension voulue a \u00e9t\u00e9 atteinte. La nuit porte conseil para\u00eet-il, bon elle sert surtout \u00e0 dormir mais on va faire semblant d&rsquo;y croire !<\/p>\n\n\n\n<p>Et ce matin, d\u00e8s potron-minet, soit apr\u00e8s 10h, il ne faut pas exag\u00e9rer quand-m\u00eame on est samedi, je reprends donc l&rsquo;ouvrage et constate qu&rsquo;il y aura forc\u00e9ment beaucoup de diff\u00e9rence d&rsquo;\u00e9paisseur si je laisse un seul fil pour fermer le bijou et mon sens esth\u00e9tique n&rsquo;est pas d&rsquo;accord. Donc il faut en rajouter deux, je me retrouve donc avec trois fils de chaque c\u00f4t\u00e9.&nbsp;<\/p>\n\n\n\n<p>Je fais le choix, pour la fermeture, d&rsquo;un noeud coulissant macram\u00e9.&nbsp;<\/p>\n\n\n\n<p>En v\u00e9rit\u00e9, c&rsquo;est un choix que je fais souvent car j&rsquo;ai une nette pr\u00e9f\u00e9rence pour ce n\u0153ud et, je ne fais que ce que j&rsquo;aime. C&rsquo;est un choix que j&rsquo;assume enti\u00e8rement et faire plaisir en s&rsquo;amusant est tr\u00e8s enthousiasmant.<\/p>\n\n\n\n<p>Le noeud termin\u00e9, je me retrouve avec six fils. Je veux faire, comme d&rsquo;habitude (l&rsquo;habitude nous joue des tours et il vaudrait mieux r\u00e9fl\u00e9chir avant), deux pendants. Donc, il faut passer trois fil dans une perle. Et l\u00e0, patatras ! Je m&rsquo;y casse le nez, et \u00e7a commence s\u00e9rieusement \u00e0 me gonfler. Il faut soit grossir le trou de chaque perle, soit effiler chaque fil. Grossir un trou de perle, j&rsquo;ai ce qu&rsquo;il faut mais c&rsquo;est ch&#8230;. il faut faire \u00e7a dans de l&rsquo;eau sinon le foret casse. Ensuite, faut r\u00e9ussir \u00e0 tenir une pierre ronde pendant qu&rsquo;un foret tourne \u00e0 l&rsquo;int\u00e9rieur, impayable ! J&rsquo;y arrive, mais souvent \u00e7a saute donc il faut retrouver une pierre ronde parterre. Pierre qui roule&#8230;<\/p>\n\n\n\n<p>L&rsquo;autre solution \u00e9tant \u00ab\u00a0d&rsquo;amincir\u00a0\u00bb les fils, je m&rsquo;y at\u00e8le. C&rsquo;est toujours facile car le fil nylon une fois chauff\u00e9 fond, il suffit alors d&rsquo;un geste vif et on cr\u00e9e une pointe. Une fois mes trois pointes cr\u00e9\u00e9es, je tente de les ins\u00e9rer dans ma pierre et .. non rien n&rsquo;y fait, rien \u00e0 faire, je peste, je r\u00e2le mais \u00e7a n&rsquo;avance pas.<\/p>\n\n\n\n<p>Je n&rsquo;abandonne jamais. Mon papa, qui a eu cette ann\u00e9e 90 ans et est un paysan pure souche, m&rsquo;a appris que l&rsquo;on y arrive toujours, qu&rsquo;il faut pers\u00e9v\u00e9rer et qu&rsquo;il y a toujours une solution. Bien lui a pris, car je trouve, au bout de plusieurs tests infructueux, l&rsquo;id\u00e9e g\u00e9niale&#8230; et bin&#8230; 6 fils = 6 perles plus petites, beaucoup plus simple, une bonne solution de fain\u00e9ante ; parfait pour moi. Pourquoi n&rsquo;y ai-je pas pens\u00e9 avant ? Je fabrique en m\u00eame temps un collier de dos qui sera aussi joli devant que derri\u00e8re. Du moins, il me pla\u00eet, c&rsquo;est d\u00e9j\u00e0 \u00e7a.&nbsp; Plairat-il ? L&rsquo;avenir nous le dira.&nbsp;<\/p>\n\n\n\n<p>Toujours est-il qu&rsquo;une nouvelle collection est n\u00e9e aujourd&rsquo;hui : la collection allergie.&nbsp;<\/p>\n\n\n\n<p>Merci Clemy qui se serait bien pass\u00e9 d&rsquo;\u00eatre l&rsquo;inspiratrice de cette collection. Hahaha<\/p>\n\n\n\n<p>Et pour retrouver la collection Anti-Allergie, c&rsquo;est <a href=\"https:\/\/boulyetcailloux.com\/fr\/2-top-boutique?q=Collection-Allergie\" target=\"_blank\" rel=\"noreferrer noopener nofollow\">ICI<\/a><\/p>\n\n\n\n<div class=\"wp-block-columns is-layout-flex wp-container-core-columns-is-layout-9d6595d7 wp-block-columns-is-layout-flex\">\n<div class=\"wp-block-column is-layout-flow wp-block-column-is-layout-flow\">\n<figure class=\"wp-block-image size-large\"><a href=\"https:\/\/boulyetcailloux.com\/298-bracelet-fil-comae.html\" target=\"_blank\" rel=\"noreferrer noopener\"><img decoding=\"async\" src=\"https:\/\/boulyetcailloux.com\/1820-large_default\/bracelet-fil-comae.jpg\" alt=\"\"\/><\/a><\/figure>\n<\/div>\n\n\n\n<div class=\"wp-block-column is-layout-flow wp-block-column-is-layout-flow\">\n<figure class=\"wp-block-image size-large is-style-rounded\"><a href=\"https:\/\/boulyetcailloux.com\/297-collier-or.html\" target=\"_blank\" rel=\"noreferrer noopener\"><img decoding=\"async\" src=\"https:\/\/boulyetcailloux.com\/1803-large_default\/collier-or.jpg\" alt=\"\"\/><\/a><\/figure>\n<\/div>\n\n\n\n<div class=\"wp-block-column is-layout-flow wp-block-column-is-layout-flow\">\n<figure class=\"wp-block-image size-large\"><a href=\"https:\/\/boulyetcailloux.com\/374-1102-bracelet-fil-phobos.html\" target=\"_blank\" rel=\"noreferrer noopener\"><img decoding=\"async\" src=\"https:\/\/boulyetcailloux.com\/3006-large_default\/bracelet-fil-phobos.jpg\" alt=\"\"\/><\/a><\/figure>\n<\/div>\n<\/div>\n","protected":false},"excerpt":{"rendered":"<p>Derni\u00e8re mise \u00e0 jour le 20 f\u00e9vrier 2025 \u00e0 16:15 Ma ni\u00e8ce pr\u00e9f\u00e9r\u00e9e, je n&rsquo;ai qu&rsquo;une ni\u00e8ce donc je ne risque pas d&rsquo;incident majeur de diplomatie familiale, ma ni\u00e8ce pr\u00e9f\u00e9r\u00e9e donc disais-je, est allergique \u00e0 beaucoup de m\u00e9taux ou alors \u00e0 un seul mais qui est dans la composition de quasiment tout ce qui est [&hellip;]<\/p>\n","protected":false},"author":1,"featured_media":122,"comment_status":"open","ping_status":"open","sticky":false,"template":"","format":"standard","meta":{"footnotes":""},"categories":[9,10,1],"tags":[12,18],"class_list":["post-121","post","type-post","status-publish","format-standard","has-post-thumbnail","hentry","category-bijoux-plaisirs-bijoux-beautes","category-inspirations","category-topblog","tag-boulyetcailloux","tag-coups-de-coeur"],"yoast_head":"<!-- This site is optimized with the Yoast SEO plugin v27.5 - https:\/\/yoast.com\/product\/yoast-seo-wordpress\/ -->\n<title>La collection Anti-Allergie - BLOG de Bouly&amp;Cailloux<\/title>\n<meta name=\"description\" content=\"La collection Anti-Allergie -\" \/>\n<meta name=\"robots\" content=\"index, follow, max-snippet:-1, max-image-preview:large, max-video-preview:-1\" \/>\n<link rel=\"canonical\" href=\"https:\/\/boulyetcailloux.com\/blog\/la-collection-anti-allergie\/\" \/>\n<meta property=\"og:locale\" content=\"fr_FR\" \/>\n<meta property=\"og:type\" content=\"article\" \/>\n<meta property=\"og:title\" content=\"La collection Anti-Allergie - BLOG de Bouly&amp;Cailloux\" \/>\n<meta property=\"og:description\" content=\"La collection Anti-Allergie -\" \/>\n<meta property=\"og:url\" content=\"https:\/\/boulyetcailloux.com\/blog\/la-collection-anti-allergie\/\" \/>\n<meta property=\"og:site_name\" content=\"BLOG de Bouly&amp;Cailloux\" \/>\n<meta property=\"article:publisher\" content=\"https:\/\/www.facebook.com\/boulyetcailloux\/\" \/>\n<meta property=\"article:published_time\" content=\"2022-04-23T16:02:57+00:00\" \/>\n<meta property=\"article:modified_time\" content=\"2025-02-20T15:15:23+00:00\" \/>\n<meta property=\"og:image\" content=\"https:\/\/boulyetcailloux.com\/blog\/wp-content\/uploads\/2023\/12\/7.jpg\" \/>\n\t<meta property=\"og:image:width\" content=\"800\" \/>\n\t<meta property=\"og:image:height\" content=\"379\" \/>\n\t<meta property=\"og:image:type\" content=\"image\/jpeg\" \/>\n<meta name=\"author\" content=\"Pauline\" \/>\n<meta name=\"twitter:card\" content=\"summary_large_image\" \/>\n<meta name=\"twitter:label1\" content=\"\u00c9crit par\" \/>\n\t<meta name=\"twitter:data1\" content=\"Pauline\" \/>\n\t<meta name=\"twitter:label2\" content=\"Dur\u00e9e de lecture estim\u00e9e\" \/>\n\t<meta name=\"twitter:data2\" content=\"4 minutes\" \/>\n<script type=\"application\/ld+json\" class=\"yoast-schema-graph\">{\"@context\":\"https:\\\/\\\/schema.org\",\"@graph\":[{\"@type\":\"Article\",\"@id\":\"https:\\\/\\\/boulyetcailloux.com\\\/blog\\\/la-collection-anti-allergie\\\/#article\",\"isPartOf\":{\"@id\":\"https:\\\/\\\/boulyetcailloux.com\\\/blog\\\/la-collection-anti-allergie\\\/\"},\"author\":{\"name\":\"Pauline\",\"@id\":\"https:\\\/\\\/boulyetcailloux.com\\\/blog\\\/#\\\/schema\\\/person\\\/d8b5573e36a18eeb55a7e9a37360e1e2\"},\"headline\":\"La collection Anti-Allergie\",\"datePublished\":\"2022-04-23T16:02:57+00:00\",\"dateModified\":\"2025-02-20T15:15:23+00:00\",\"mainEntityOfPage\":{\"@id\":\"https:\\\/\\\/boulyetcailloux.com\\\/blog\\\/la-collection-anti-allergie\\\/\"},\"wordCount\":928,\"commentCount\":0,\"publisher\":{\"@id\":\"https:\\\/\\\/boulyetcailloux.com\\\/blog\\\/#organization\"},\"image\":{\"@id\":\"https:\\\/\\\/boulyetcailloux.com\\\/blog\\\/la-collection-anti-allergie\\\/#primaryimage\"},\"thumbnailUrl\":\"https:\\\/\\\/boulyetcailloux.com\\\/blog\\\/wp-content\\\/uploads\\\/2023\\\/12\\\/7.jpg\",\"keywords\":[\"boulyetcailloux\",\"coups de coeurs\"],\"articleSection\":[\"Bijoux plaisirs, bijoux beaut\u00e9s\",\"Inspirations &amp; Symbolique\",\"Top-Blog\"],\"inLanguage\":\"fr-FR\",\"potentialAction\":[{\"@type\":\"CommentAction\",\"name\":\"Comment\",\"target\":[\"https:\\\/\\\/boulyetcailloux.com\\\/blog\\\/la-collection-anti-allergie\\\/#respond\"]}]},{\"@type\":\"WebPage\",\"@id\":\"https:\\\/\\\/boulyetcailloux.com\\\/blog\\\/la-collection-anti-allergie\\\/\",\"url\":\"https:\\\/\\\/boulyetcailloux.com\\\/blog\\\/la-collection-anti-allergie\\\/\",\"name\":\"La collection Anti-Allergie - BLOG de Bouly&amp;Cailloux\",\"isPartOf\":{\"@id\":\"https:\\\/\\\/boulyetcailloux.com\\\/blog\\\/#website\"},\"primaryImageOfPage\":{\"@id\":\"https:\\\/\\\/boulyetcailloux.com\\\/blog\\\/la-collection-anti-allergie\\\/#primaryimage\"},\"image\":{\"@id\":\"https:\\\/\\\/boulyetcailloux.com\\\/blog\\\/la-collection-anti-allergie\\\/#primaryimage\"},\"thumbnailUrl\":\"https:\\\/\\\/boulyetcailloux.com\\\/blog\\\/wp-content\\\/uploads\\\/2023\\\/12\\\/7.jpg\",\"datePublished\":\"2022-04-23T16:02:57+00:00\",\"dateModified\":\"2025-02-20T15:15:23+00:00\",\"description\":\"La collection Anti-Allergie -\",\"breadcrumb\":{\"@id\":\"https:\\\/\\\/boulyetcailloux.com\\\/blog\\\/la-collection-anti-allergie\\\/#breadcrumb\"},\"inLanguage\":\"fr-FR\",\"potentialAction\":[{\"@type\":\"ReadAction\",\"target\":[\"https:\\\/\\\/boulyetcailloux.com\\\/blog\\\/la-collection-anti-allergie\\\/\"]}]},{\"@type\":\"ImageObject\",\"inLanguage\":\"fr-FR\",\"@id\":\"https:\\\/\\\/boulyetcailloux.com\\\/blog\\\/la-collection-anti-allergie\\\/#primaryimage\",\"url\":\"https:\\\/\\\/boulyetcailloux.com\\\/blog\\\/wp-content\\\/uploads\\\/2023\\\/12\\\/7.jpg\",\"contentUrl\":\"https:\\\/\\\/boulyetcailloux.com\\\/blog\\\/wp-content\\\/uploads\\\/2023\\\/12\\\/7.jpg\",\"width\":800,\"height\":379,\"caption\":\"un collier anti allergie\"},{\"@type\":\"BreadcrumbList\",\"@id\":\"https:\\\/\\\/boulyetcailloux.com\\\/blog\\\/la-collection-anti-allergie\\\/#breadcrumb\",\"itemListElement\":[{\"@type\":\"ListItem\",\"position\":1,\"name\":\"Accueil\",\"item\":\"https:\\\/\\\/boulyetcailloux.com\\\/blog\\\/\"},{\"@type\":\"ListItem\",\"position\":2,\"name\":\"La collection Anti-Allergie\"}]},{\"@type\":\"WebSite\",\"@id\":\"https:\\\/\\\/boulyetcailloux.com\\\/blog\\\/#website\",\"url\":\"https:\\\/\\\/boulyetcailloux.com\\\/blog\\\/\",\"name\":\"BLOG de Bouly&Cailloux, boutique en ligne de bijoux cr\u00e9atifs artisanaux\",\"description\":\"Des pierres, des bijoux, une histoire\",\"publisher\":{\"@id\":\"https:\\\/\\\/boulyetcailloux.com\\\/blog\\\/#organization\"},\"alternateName\":\"BLOG de Bouly&Cailloux\",\"potentialAction\":[{\"@type\":\"SearchAction\",\"target\":{\"@type\":\"EntryPoint\",\"urlTemplate\":\"https:\\\/\\\/boulyetcailloux.com\\\/blog\\\/?s={search_term_string}\"},\"query-input\":{\"@type\":\"PropertyValueSpecification\",\"valueRequired\":true,\"valueName\":\"search_term_string\"}}],\"inLanguage\":\"fr-FR\"},{\"@type\":\"Organization\",\"@id\":\"https:\\\/\\\/boulyetcailloux.com\\\/blog\\\/#organization\",\"name\":\"BLOG de Bouly&Cailloux, boutique en ligne de bijoux artisanaux cr\u00e9atifs\",\"alternateName\":\"Bouly&Cailloux, le Blog\",\"url\":\"https:\\\/\\\/boulyetcailloux.com\\\/blog\\\/\",\"logo\":{\"@type\":\"ImageObject\",\"inLanguage\":\"fr-FR\",\"@id\":\"https:\\\/\\\/boulyetcailloux.com\\\/blog\\\/#\\\/schema\\\/logo\\\/image\\\/\",\"url\":\"https:\\\/\\\/boulyetcailloux.com\\\/blog\\\/wp-content\\\/uploads\\\/2024\\\/03\\\/prestashop-logo-1642179054.png\",\"contentUrl\":\"https:\\\/\\\/boulyetcailloux.com\\\/blog\\\/wp-content\\\/uploads\\\/2024\\\/03\\\/prestashop-logo-1642179054.png\",\"width\":138,\"height\":96,\"caption\":\"BLOG de Bouly&Cailloux, boutique en ligne de bijoux artisanaux cr\u00e9atifs\"},\"image\":{\"@id\":\"https:\\\/\\\/boulyetcailloux.com\\\/blog\\\/#\\\/schema\\\/logo\\\/image\\\/\"},\"sameAs\":[\"https:\\\/\\\/www.facebook.com\\\/boulyetcailloux\\\/\",\"https:\\\/\\\/www.instagram.com\\\/boulyetcailloux\\\/\"]},{\"@type\":\"Person\",\"@id\":\"https:\\\/\\\/boulyetcailloux.com\\\/blog\\\/#\\\/schema\\\/person\\\/d8b5573e36a18eeb55a7e9a37360e1e2\",\"name\":\"Pauline\",\"image\":{\"@type\":\"ImageObject\",\"inLanguage\":\"fr-FR\",\"@id\":\"https:\\\/\\\/secure.gravatar.com\\\/avatar\\\/7bdaed1eb32769dd0dae7be67485cfd346d693d91afbacc7417e66147ced3112?s=96&r=g\",\"url\":\"https:\\\/\\\/secure.gravatar.com\\\/avatar\\\/7bdaed1eb32769dd0dae7be67485cfd346d693d91afbacc7417e66147ced3112?s=96&r=g\",\"contentUrl\":\"https:\\\/\\\/secure.gravatar.com\\\/avatar\\\/7bdaed1eb32769dd0dae7be67485cfd346d693d91afbacc7417e66147ced3112?s=96&r=g\",\"caption\":\"Pauline\"},\"sameAs\":[\"https:\\\/\\\/blog.boulyetcailloux.com\"]}]}<\/script>\n<!-- \/ Yoast SEO plugin. -->","yoast_head_json":{"title":"La collection Anti-Allergie - BLOG de Bouly&amp;Cailloux","description":"La collection Anti-Allergie -","robots":{"index":"index","follow":"follow","max-snippet":"max-snippet:-1","max-image-preview":"max-image-preview:large","max-video-preview":"max-video-preview:-1"},"canonical":"https:\/\/boulyetcailloux.com\/blog\/la-collection-anti-allergie\/","og_locale":"fr_FR","og_type":"article","og_title":"La collection Anti-Allergie - BLOG de Bouly&amp;Cailloux","og_description":"La collection Anti-Allergie -","og_url":"https:\/\/boulyetcailloux.com\/blog\/la-collection-anti-allergie\/","og_site_name":"BLOG de Bouly&amp;Cailloux","article_publisher":"https:\/\/www.facebook.com\/boulyetcailloux\/","article_published_time":"2022-04-23T16:02:57+00:00","article_modified_time":"2025-02-20T15:15:23+00:00","og_image":[{"width":800,"height":379,"url":"https:\/\/boulyetcailloux.com\/blog\/wp-content\/uploads\/2023\/12\/7.jpg","type":"image\/jpeg"}],"author":"Pauline","twitter_card":"summary_large_image","twitter_misc":{"\u00c9crit par":"Pauline","Dur\u00e9e de lecture estim\u00e9e":"4 minutes"},"schema":{"@context":"https:\/\/schema.org","@graph":[{"@type":"Article","@id":"https:\/\/boulyetcailloux.com\/blog\/la-collection-anti-allergie\/#article","isPartOf":{"@id":"https:\/\/boulyetcailloux.com\/blog\/la-collection-anti-allergie\/"},"author":{"name":"Pauline","@id":"https:\/\/boulyetcailloux.com\/blog\/#\/schema\/person\/d8b5573e36a18eeb55a7e9a37360e1e2"},"headline":"La collection Anti-Allergie","datePublished":"2022-04-23T16:02:57+00:00","dateModified":"2025-02-20T15:15:23+00:00","mainEntityOfPage":{"@id":"https:\/\/boulyetcailloux.com\/blog\/la-collection-anti-allergie\/"},"wordCount":928,"commentCount":0,"publisher":{"@id":"https:\/\/boulyetcailloux.com\/blog\/#organization"},"image":{"@id":"https:\/\/boulyetcailloux.com\/blog\/la-collection-anti-allergie\/#primaryimage"},"thumbnailUrl":"https:\/\/boulyetcailloux.com\/blog\/wp-content\/uploads\/2023\/12\/7.jpg","keywords":["boulyetcailloux","coups de coeurs"],"articleSection":["Bijoux plaisirs, bijoux beaut\u00e9s","Inspirations &amp; Symbolique","Top-Blog"],"inLanguage":"fr-FR","potentialAction":[{"@type":"CommentAction","name":"Comment","target":["https:\/\/boulyetcailloux.com\/blog\/la-collection-anti-allergie\/#respond"]}]},{"@type":"WebPage","@id":"https:\/\/boulyetcailloux.com\/blog\/la-collection-anti-allergie\/","url":"https:\/\/boulyetcailloux.com\/blog\/la-collection-anti-allergie\/","name":"La collection Anti-Allergie - BLOG de Bouly&amp;Cailloux","isPartOf":{"@id":"https:\/\/boulyetcailloux.com\/blog\/#website"},"primaryImageOfPage":{"@id":"https:\/\/boulyetcailloux.com\/blog\/la-collection-anti-allergie\/#primaryimage"},"image":{"@id":"https:\/\/boulyetcailloux.com\/blog\/la-collection-anti-allergie\/#primaryimage"},"thumbnailUrl":"https:\/\/boulyetcailloux.com\/blog\/wp-content\/uploads\/2023\/12\/7.jpg","datePublished":"2022-04-23T16:02:57+00:00","dateModified":"2025-02-20T15:15:23+00:00","description":"La collection Anti-Allergie -","breadcrumb":{"@id":"https:\/\/boulyetcailloux.com\/blog\/la-collection-anti-allergie\/#breadcrumb"},"inLanguage":"fr-FR","potentialAction":[{"@type":"ReadAction","target":["https:\/\/boulyetcailloux.com\/blog\/la-collection-anti-allergie\/"]}]},{"@type":"ImageObject","inLanguage":"fr-FR","@id":"https:\/\/boulyetcailloux.com\/blog\/la-collection-anti-allergie\/#primaryimage","url":"https:\/\/boulyetcailloux.com\/blog\/wp-content\/uploads\/2023\/12\/7.jpg","contentUrl":"https:\/\/boulyetcailloux.com\/blog\/wp-content\/uploads\/2023\/12\/7.jpg","width":800,"height":379,"caption":"un collier anti allergie"},{"@type":"BreadcrumbList","@id":"https:\/\/boulyetcailloux.com\/blog\/la-collection-anti-allergie\/#breadcrumb","itemListElement":[{"@type":"ListItem","position":1,"name":"Accueil","item":"https:\/\/boulyetcailloux.com\/blog\/"},{"@type":"ListItem","position":2,"name":"La collection Anti-Allergie"}]},{"@type":"WebSite","@id":"https:\/\/boulyetcailloux.com\/blog\/#website","url":"https:\/\/boulyetcailloux.com\/blog\/","name":"BLOG de Bouly&Cailloux, boutique en ligne de bijoux cr\u00e9atifs artisanaux","description":"Des pierres, des bijoux, une histoire","publisher":{"@id":"https:\/\/boulyetcailloux.com\/blog\/#organization"},"alternateName":"BLOG de Bouly&Cailloux","potentialAction":[{"@type":"SearchAction","target":{"@type":"EntryPoint","urlTemplate":"https:\/\/boulyetcailloux.com\/blog\/?s={search_term_string}"},"query-input":{"@type":"PropertyValueSpecification","valueRequired":true,"valueName":"search_term_string"}}],"inLanguage":"fr-FR"},{"@type":"Organization","@id":"https:\/\/boulyetcailloux.com\/blog\/#organization","name":"BLOG de Bouly&Cailloux, boutique en ligne de bijoux artisanaux cr\u00e9atifs","alternateName":"Bouly&Cailloux, le Blog","url":"https:\/\/boulyetcailloux.com\/blog\/","logo":{"@type":"ImageObject","inLanguage":"fr-FR","@id":"https:\/\/boulyetcailloux.com\/blog\/#\/schema\/logo\/image\/","url":"https:\/\/boulyetcailloux.com\/blog\/wp-content\/uploads\/2024\/03\/prestashop-logo-1642179054.png","contentUrl":"https:\/\/boulyetcailloux.com\/blog\/wp-content\/uploads\/2024\/03\/prestashop-logo-1642179054.png","width":138,"height":96,"caption":"BLOG de Bouly&Cailloux, boutique en ligne de bijoux artisanaux cr\u00e9atifs"},"image":{"@id":"https:\/\/boulyetcailloux.com\/blog\/#\/schema\/logo\/image\/"},"sameAs":["https:\/\/www.facebook.com\/boulyetcailloux\/","https:\/\/www.instagram.com\/boulyetcailloux\/"]},{"@type":"Person","@id":"https:\/\/boulyetcailloux.com\/blog\/#\/schema\/person\/d8b5573e36a18eeb55a7e9a37360e1e2","name":"Pauline","image":{"@type":"ImageObject","inLanguage":"fr-FR","@id":"https:\/\/secure.gravatar.com\/avatar\/7bdaed1eb32769dd0dae7be67485cfd346d693d91afbacc7417e66147ced3112?s=96&r=g","url":"https:\/\/secure.gravatar.com\/avatar\/7bdaed1eb32769dd0dae7be67485cfd346d693d91afbacc7417e66147ced3112?s=96&r=g","contentUrl":"https:\/\/secure.gravatar.com\/avatar\/7bdaed1eb32769dd0dae7be67485cfd346d693d91afbacc7417e66147ced3112?s=96&r=g","caption":"Pauline"},"sameAs":["https:\/\/blog.boulyetcailloux.com"]}]}},"_links":{"self":[{"href":"https:\/\/boulyetcailloux.com\/blog\/wp-json\/wp\/v2\/posts\/121","targetHints":{"allow":["GET"]}}],"collection":[{"href":"https:\/\/boulyetcailloux.com\/blog\/wp-json\/wp\/v2\/posts"}],"about":[{"href":"https:\/\/boulyetcailloux.com\/blog\/wp-json\/wp\/v2\/types\/post"}],"author":[{"embeddable":true,"href":"https:\/\/boulyetcailloux.com\/blog\/wp-json\/wp\/v2\/users\/1"}],"replies":[{"embeddable":true,"href":"https:\/\/boulyetcailloux.com\/blog\/wp-json\/wp\/v2\/comments?post=121"}],"version-history":[{"count":4,"href":"https:\/\/boulyetcailloux.com\/blog\/wp-json\/wp\/v2\/posts\/121\/revisions"}],"predecessor-version":[{"id":818,"href":"https:\/\/boulyetcailloux.com\/blog\/wp-json\/wp\/v2\/posts\/121\/revisions\/818"}],"wp:featuredmedia":[{"embeddable":true,"href":"https:\/\/boulyetcailloux.com\/blog\/wp-json\/wp\/v2\/media\/122"}],"wp:attachment":[{"href":"https:\/\/boulyetcailloux.com\/blog\/wp-json\/wp\/v2\/media?parent=121"}],"wp:term":[{"taxonomy":"category","embeddable":true,"href":"https:\/\/boulyetcailloux.com\/blog\/wp-json\/wp\/v2\/categories?post=121"},{"taxonomy":"post_tag","embeddable":true,"href":"https:\/\/boulyetcailloux.com\/blog\/wp-json\/wp\/v2\/tags?post=121"}],"curies":[{"name":"wp","href":"https:\/\/api.w.org\/{rel}","templated":true}]}}