{"id":1307,"date":"2026-09-01T09:15:00","date_gmt":"2026-09-01T07:15:00","guid":{"rendered":"https:\/\/prestashop.local\/blog\/?p=1307"},"modified":"2026-08-31T19:09:55","modified_gmt":"2026-08-31T17:09:55","slug":"porte-cles-faits-main-petite-idee-cadeau-utile-et-personnelle","status":"publish","type":"post","link":"https:\/\/boulyetcailloux.com\/blog\/porte-cles-faits-main-petite-idee-cadeau-utile-et-personnelle\/","title":{"rendered":"Porte-cl\u00e9s faits main : petite id\u00e9e cadeau utile et personnelle"},"content":{"rendered":"<p>Un porte-cl\u00e9s fait main n\u2019a pas besoin de se donner des airs de grand cadeau pour toucher juste. Sa force vient souvent de sa place tr\u00e8s simple : il accompagne les cl\u00e9s, un sac, un trousseau de travail ou un objet que l\u2019on attrape plusieurs fois par jour.<\/p>\n<p>Le bon choix tient donc dans un \u00e9quilibre discret. Il doit \u00e9voquer la personne, rester agr\u00e9able \u00e0 prendre en main et supporter la vie quotidienne sans devenir g\u00eanant. C\u2019est ce qui le rend plus personnel qu\u2019un objet d\u00e9coratif pos\u00e9 puis oubli\u00e9.<\/p>\n<h2>Commencer par l\u2019usage, pas par le symbole<\/h2>\n<p>Un porte-cl\u00e9s se porte dans la main, dans une poche, au fond d\u2019un sac, parfois contre un t\u00e9l\u00e9phone ou d\u2019autres accessoires. La taille, le poids et la solidit\u00e9 comptent autant que la couleur. Un mod\u00e8le tr\u00e8s charg\u00e9 peut sembler charmant au premier regard, puis devenir moins pratique d\u00e8s qu\u2019il accroche ou prend trop de place.<\/p>\n<p>Avant de choisir, regardez la personne \u00e0 qui vous l\u2019offrez. Pr\u00e9f\u00e8re-t-elle les objets discrets ou les d\u00e9tails plus visibles ? Porte-t-elle d\u00e9j\u00e0 des bijoux color\u00e9s, des mati\u00e8res naturelles, du dor\u00e9, de l\u2019argent\u00e9 ? Ces petits signes donnent une direction plus fiable qu\u2019une id\u00e9e de cadeau choisie trop vite.<\/p>\n<h2>Ce qui rend l\u2019attention plus personnelle<\/h2>\n<p>Le caract\u00e8re fait main se voit surtout dans les finitions, les proportions et le soin du montage. Il ne suffit pas qu\u2019un objet soit artisanal pour \u00eatre juste. Il faut qu\u2019il puisse vraiment rejoindre les habitudes de la personne, sans r\u00e9clamer trop d\u2019attention ni para\u00eetre fragile.<\/p>\n<p>La pr\u00e9sentation compte aussi. Un emballage propre, une phrase simple, un geste bien cadr\u00e9 suffisent souvent. L\u2019article sur <a href=\"\/blog\/une-option-emballage-cadeau\/\">l\u2019option emballage cadeau<\/a> rappelle qu\u2019un petit pr\u00e9sent gagne en pr\u00e9sence quand il arrive avec soin, sans exag\u00e9ration.<\/p>\n<h2>Quand ce cadeau fonctionne bien<\/h2>\n<p>Le porte-cl\u00e9s convient tr\u00e8s bien pour un remerciement, une petite f\u00eate, un anniversaire modeste ou une attention entre proches. Il peut aussi \u00eatre une bonne id\u00e9e lorsque l\u2019on veut offrir quelque chose de personnel sans entrer dans le choix plus intime d\u2019un bijou.<\/p>\n<p>Dans la boutique, <a href=\"\/588-porte-cle-salvia-pierre-naturelle.html\">Porte-cl\u00e9 Salvia<\/a> sert de point de comparaison concret : une pi\u00e8ce simple, avec une pr\u00e9sence suffisante pour marquer le geste, mais pens\u00e9e pour rester facile \u00e0 utiliser.<\/p>\n<h2>Les erreurs \u00e0 \u00e9viter<\/h2>\n<p>Le principal pi\u00e8ge consiste \u00e0 vouloir trop raconter. Trop de couleur, trop de volume, trop de message : l\u2019objet finit par ressembler davantage au go\u00fbt de la personne qui offre qu\u2019\u00e0 celui de la personne qui re\u00e7oit.<\/p>\n<p>Mieux vaut garder un seul choix fort. Une pierre, une couleur, une forme ou une finition peut suffire. Si le doute reste pr\u00e9sent, privil\u00e9giez la simplicit\u00e9 et la tenue dans le temps. Un cadeau port\u00e9 ou utilis\u00e9 souvent garde plus de chaleur qu\u2019un objet spectaculaire sorti une seule fois.<\/p>\n<h2>En r\u00e9sum\u00e9<\/h2>\n<p>Un porte-cl\u00e9s fait main r\u00e9ussi tient \u00e0 trois choses : l\u2019usage r\u00e9el, la justesse du style et le soin de la pr\u00e9sentation. Quand ces trois points se rejoignent, la petite attention devient durable sans avoir besoin d\u2019en faire trop.<\/p>\n","protected":false},"excerpt":{"rendered":"<p>Un porte-cl\u00e9s fait main peut devenir un cadeau simple, utile et personnel. Voici comment le choisir sans forcer le symbole ni oublier l\u2019usage r\u00e9el.<\/p>\n","protected":false},"author":1,"featured_media":1602,"comment_status":"open","ping_status":"closed","sticky":false,"template":"","format":"standard","meta":{"footnotes":""},"categories":[7],"tags":[246,240,265,264],"pbblogapps_content_type":[237],"class_list":["post-1307","post","type-post","status-publish","format-standard","has-post-thumbnail","hentry","category-la-boutique-en-ligne","tag-cadeaux-bijoux","tag-conseils-bijoux","tag-fait-main","tag-porte-cles"],"_links":{"self":[{"href":"https:\/\/boulyetcailloux.com\/blog\/wp-json\/wp\/v2\/posts\/1307","targetHints":{"allow":["GET"]}}],"collection":[{"href":"https:\/\/boulyetcailloux.com\/blog\/wp-json\/wp\/v2\/posts"}],"about":[{"href":"https:\/\/boulyetcailloux.com\/blog\/wp-json\/wp\/v2\/types\/post"}],"author":[{"embeddable":true,"href":"https:\/\/boulyetcailloux.com\/blog\/wp-json\/wp\/v2\/users\/1"}],"replies":[{"embeddable":true,"href":"https:\/\/boulyetcailloux.com\/blog\/wp-json\/wp\/v2\/comments?post=1307"}],"version-history":[{"count":10,"href":"https:\/\/boulyetcailloux.com\/blog\/wp-json\/wp\/v2\/posts\/1307\/revisions"}],"predecessor-version":[{"id":1604,"href":"https:\/\/boulyetcailloux.com\/blog\/wp-json\/wp\/v2\/posts\/1307\/revisions\/1604"}],"wp:featuredmedia":[{"embeddable":true,"href":"https:\/\/boulyetcailloux.com\/blog\/wp-json\/wp\/v2\/media\/1602"}],"wp:attachment":[{"href":"https:\/\/boulyetcailloux.com\/blog\/wp-json\/wp\/v2\/media?parent=1307"}],"wp:term":[{"taxonomy":"category","embeddable":true,"href":"https:\/\/boulyetcailloux.com\/blog\/wp-json\/wp\/v2\/categories?post=1307"},{"taxonomy":"post_tag","embeddable":true,"href":"https:\/\/boulyetcailloux.com\/blog\/wp-json\/wp\/v2\/tags?post=1307"},{"taxonomy":"pbblogapps_content_type","embeddable":true,"href":"https:\/\/boulyetcailloux.com\/blog\/wp-json\/wp\/v2\/pbblogapps_content_type?post=1307"}],"curies":[{"name":"wp","href":"https:\/\/api.w.org\/{rel}","templated":true}]}}